{"id":13460,"date":"2017-04-09T21:35:30","date_gmt":"2017-04-09T19:35:30","guid":{"rendered":"https:\/\/meisi.es\/diseno\/?p=13460"},"modified":"2017-04-25T14:41:54","modified_gmt":"2017-04-25T12:41:54","slug":"funcional-o-bello","status":"publish","type":"post","link":"https:\/\/meisi.es\/diseno\/funcional-o-bello\/","title":{"rendered":"Por qu\u00e9 ahora todas las webs se parecen"},"content":{"rendered":"<p><img loading=\"lazy\" decoding=\"async\" src=\"\/\/meisi.es\/wp-content\/uploads\/2017\/04\/todos-iguales.png\" alt=\"\" width=\"837\" height=\"771\" class=\"alignnone size-full wp-image-13479\" srcset=\"https:\/\/meisi.es\/diseno\/wp-content\/uploads\/2017\/04\/todos-iguales.png 837w, https:\/\/meisi.es\/diseno\/wp-content\/uploads\/2017\/04\/todos-iguales-300x276.png 300w, https:\/\/meisi.es\/diseno\/wp-content\/uploads\/2017\/04\/todos-iguales-768x707.png 768w, https:\/\/meisi.es\/diseno\/wp-content\/uploads\/2017\/04\/todos-iguales-100x92.png 100w, https:\/\/meisi.es\/diseno\/wp-content\/uploads\/2017\/04\/todos-iguales-700x645.png 700w\" sizes=\"auto, (max-width: 837px) 100vw, 837px\" \/><\/p>\n<h6>Unsplash<\/h6>\n<p>Ya lo he comentado en alguna ocasi\u00f3n, incluso en el curso de <a href=\"\/\/meisi.es\/curso-diseno-web-info\/\" target=\"_blank\">Una web sensacional a tu alcance <\/a>hay un peque\u00f1o apartado sobre ello.<\/p>\n<p>Si nos fijamos, de unos a\u00f1os atr\u00e1s hasta ahora, todas las webs tienen un dise\u00f1o parecido: una parte superior con una gran imagen o slider, a continuaci\u00f3n la informaci\u00f3n se dispone en franjas horizontales que pueden contener a su vez texto o im\u00e1genes centradas o columnas.<br \/>\nCon m\u00e1s o menos variaciones ese es el esquema.<\/p>\n<p>\u00bfPero, por qu\u00e9 hace tanto que vemos este layout?<\/p>\n<h4>Raz\u00f3n 1. Por funcionalidad: la composici\u00f3n resuelve problemas<\/h4>\n<p>La primera raz\u00f3n para utilizarlo es verdaderamente buena: porque es un esquema que hace que esa web se adapte con facilidad a dispositivos m\u00f3viles: los espacios laterales se reducen y la parte central permanece.<br \/>\nUn detalle caracter\u00edstico de este esquema que contribuye bastante a uniformizar las webs, es la composici\u00f3n centrada. Pero es que una web con los contenidos centrados es muy f\u00e1cil de adaptarse y seguir vi\u00e9ndose muy parecida en un m\u00f3vil o tablet.<\/p>\n<p>Recuerdo cuando empezamos a adaptar las webs a m\u00f3viles, aquellas webs de 2011, 2012, 2013\u2026 fue terrible, al menos para m\u00ed fue casi un trauma, porque aquellos dise\u00f1os m\u00edos tan currados para verse bien en m\u00f3vil precisaban un dise\u00f1o nuevo. Otro diferente en horizontal y otro en veritcal, otro para tablet horizontal y otro para tablet vertical. Un horror. En aquella \u00e9poca yo estaba en p\u00e1nico, porque me tocaba tocar el CSS de cada p\u00e1gina y hacer estas cuatro versiones. <\/p>\n<p>Lo que pasaba en paralelo a mi pesadilla es que este nuevo esquema a franjas y centrado se fue imponiendo. Casi (digo casi) sin retoques el dise\u00f1o flu\u00eda y se recolocaba solito en sus versiones responsive.<\/p>\n<p>Lleg\u00f3 una generaci\u00f3n de plantillas y editores de dise\u00f1o (como Visual Composer) basados en este esquema. Y yo ya no me tuve que preocupar de aquel infierno de c\u00f3digo CSS.<br \/>\nEsta es una buena raz\u00f3n para acoger este esquema.<\/p>\n<h4>Raz\u00f3n 2. Por est\u00e9tica: fotos de calidad gratis y para todos<\/h4>\n<p>Y durante este tiempo lleg\u00f3 la pionera web de fotos gratis <a href=\"https:\/\/unsplash.com\/\" target=\"_blank\">Unsplash<\/a>, seguida de muchos bancos de stock de im\u00e1genes gratis. Aqu\u00ed tienes un stock de stocks <a href=\"http:\/\/allthefreestock.com\" target=\"_blank\">All The Free Stocks<\/a>, pero ojo, muchas fotos se repiten a lo largo de las diferentes webs. Yo al final me quedo con Unsplash.<\/p>\n<p>Ya sabes que en Unsplash suben fotos cada d\u00eda, pero al principio l\u00f3gicamente hab\u00edan muchas menos. Y durante una buena temporada algunas de ellas se ve\u00edan por todas partes. Esto pasa a\u00fan, pero no en tanta medida. Sin embargo aunque no se repitan las fotos, las selecciones de Unsplash tienen cierto estilo un poco melanc\u00f3lico y las composiciones y las tem\u00e1ticas son muy repetitivas. Y si bien usando el buscador puedes encontrar verdaderas joyas que no son tan similares, imagina a medio mundo dise\u00f1ador web y blogger usando este stock.<\/p>\n<h4>Raz\u00f3n 3. Por presupuesto<\/h4>\n<p>Es mucho m\u00e1s barato comprar una plantilla o componer un encargo de dise\u00f1o web usando lo que ya funciona. Hay ciertas cosas que no hay ni que plantearse: qu\u00e9 composici\u00f3n o de d\u00f3nde sacar las fotos. Por eso se hacen m\u00e1s r\u00e1pidas y cuestan menos de hacer.<\/p>\n<h4>Se puede ir m\u00e1s all\u00e1<\/h4>\n<p>Hace tiempo le\u00ed una entrevista de <a href=\"http:\/\/www.vanschneider.com\/beauty-vs-function\/\" target=\"_blank\">Tobias Van Schneider <\/a>a Stefan Sagmeister\u00a0 (si no lo conoces merece la pena entrar en su web, <a href=\"http:\/\/sagmeisterwalsh.com\/\" target=\"_blank\">Sagmeister&amp;Walsh<\/a>) en el que planteaba que la funcionalidad se ha impuesto a la belleza y la emoci\u00f3n. Stefan dec\u00eda que llegar\u00e1 un d\u00eda en que miremos atr\u00e1s y nos preguntemos qui\u00e9n debi\u00f3 pensar que hacer las cosas as\u00ed era buena idea.<br \/>\nLa entrevista me encant\u00f3 y estuve de acuerdo enseguida con su argumentaci\u00f3n. Dice que la busqueda de la belleza es parte del ser humano. Que el punto de vista por el cual se dise\u00f1a buscando la funcionalidad (un argumento bastante actual), no le convence. Dice que si por ejemplo, la arquitectura se hubiera regido siempre por este principio, no habrian habido estilos y que todos los edificios hubieran sido iguales. Limpios y funcionales.<\/p>\n<p>Merece mucho la pena leer el art\u00edculo, porque yo me he identificado mucho con \u00e9l. Sobre todo cuando dice que un dise\u00f1ador que hace un proyecto bello con \u201clove and care\u201d va a pensar naturalmente en la funci\u00f3n. No se trata de olvidarse de ella.<\/p>\n<p>Desde que lo le\u00ed me he esforzado por buscar p\u00e1ginas web que se salten esta composici\u00f3n y estas fotos tan extendidas y sean capaces de transmitir emoci\u00f3n y la esencia de lo que tratan, y la verdad es que no es muy f\u00e1cil. De momento tengo estos ejemplos: para apreciarlos hay que entrar y moverse por dentro.<\/p>\n<p><img loading=\"lazy\" decoding=\"async\" src=\"\/\/meisi.es\/wp-content\/uploads\/2017\/04\/Warsaw.png\" alt=\"\" width=\"837\" height=\"567\" class=\"alignnone size-full wp-image-13472\" srcset=\"https:\/\/meisi.es\/diseno\/wp-content\/uploads\/2017\/04\/Warsaw.png 837w, https:\/\/meisi.es\/diseno\/wp-content\/uploads\/2017\/04\/Warsaw-300x203.png 300w, https:\/\/meisi.es\/diseno\/wp-content\/uploads\/2017\/04\/Warsaw-768x520.png 768w, https:\/\/meisi.es\/diseno\/wp-content\/uploads\/2017\/04\/Warsaw-100x68.png 100w, https:\/\/meisi.es\/diseno\/wp-content\/uploads\/2017\/04\/Warsaw-700x474.png 700w\" sizes=\"auto, (max-width: 837px) 100vw, 837px\" \/><\/p>\n<h6><a href=\"http:\/\/warsawrising.eu\/\" target=\"_blank\">Warsaw Raising<\/a><\/h6>\n<p>Inmersi\u00f3n en el ambiente para la web de una exposici\u00f3n sobre la destrucci\u00e7n de Varsovia en la II guerra mundial.<br \/>\n&nbsp;<br \/>\n<img loading=\"lazy\" decoding=\"async\" src=\"\/\/meisi.es\/wp-content\/uploads\/2017\/04\/one-shared-house.png\" alt=\"\" width=\"840\" height=\"578\" class=\"alignnone size-full wp-image-13468\" srcset=\"https:\/\/meisi.es\/diseno\/wp-content\/uploads\/2017\/04\/one-shared-house.png 840w, https:\/\/meisi.es\/diseno\/wp-content\/uploads\/2017\/04\/one-shared-house-300x206.png 300w, https:\/\/meisi.es\/diseno\/wp-content\/uploads\/2017\/04\/one-shared-house-768x528.png 768w, https:\/\/meisi.es\/diseno\/wp-content\/uploads\/2017\/04\/one-shared-house-100x69.png 100w, https:\/\/meisi.es\/diseno\/wp-content\/uploads\/2017\/04\/one-shared-house-700x482.png 700w\" sizes=\"auto, (max-width: 840px) 100vw, 840px\" \/><\/p>\n<h6><a href=\"http:\/\/onesharedhouse.com\/\" target=\"_blank\">One Shared House, de Anton&#038;Irene<\/a><\/h6>\n<p>Aunque no te guste particularmente la est\u00e9tica, entra y sigue la historia. Nada que ver con una web t\u00edpica, pone el esfuerzo en que te pongas en situaci\u00f3n para que entiendas lo que pas\u00f3 en estos pisos compartidos en los 80.<br \/>\n&nbsp;<\/p>\n<p><img loading=\"lazy\" decoding=\"async\" src=\"\/\/meisi.es\/wp-content\/uploads\/2017\/04\/Svenskt-tenn.png\" alt=\"\" width=\"840\" height=\"1668\" class=\"alignnone size-full wp-image-13470\" srcset=\"https:\/\/meisi.es\/diseno\/wp-content\/uploads\/2017\/04\/Svenskt-tenn.png 840w, https:\/\/meisi.es\/diseno\/wp-content\/uploads\/2017\/04\/Svenskt-tenn-151x300.png 151w, https:\/\/meisi.es\/diseno\/wp-content\/uploads\/2017\/04\/Svenskt-tenn-768x1525.png 768w, https:\/\/meisi.es\/diseno\/wp-content\/uploads\/2017\/04\/Svenskt-tenn-516x1024.png 516w, https:\/\/meisi.es\/diseno\/wp-content\/uploads\/2017\/04\/Svenskt-tenn-50x100.png 50w, https:\/\/meisi.es\/diseno\/wp-content\/uploads\/2017\/04\/Svenskt-tenn-700x1390.png 700w\" sizes=\"auto, (max-width: 840px) 100vw, 840px\" \/><\/p>\n<h6><a href=\"https:\/\/www.svenskttenn.se\/en\/magazine\/\" target=\"_blank\">Svenskt Tenn<\/a><\/h6>\n<p>No me digas que esto no es una forma diferente de presentar un blog.<br \/>\n&nbsp;<br \/>\n<img loading=\"lazy\" decoding=\"async\" src=\"\/\/meisi.es\/wp-content\/uploads\/2017\/04\/Urban-walks.png\" alt=\"\" width=\"840\" height=\"618\" class=\"alignnone size-full wp-image-13471\" srcset=\"https:\/\/meisi.es\/diseno\/wp-content\/uploads\/2017\/04\/Urban-walks.png 840w, https:\/\/meisi.es\/diseno\/wp-content\/uploads\/2017\/04\/Urban-walks-300x221.png 300w, https:\/\/meisi.es\/diseno\/wp-content\/uploads\/2017\/04\/Urban-walks-768x565.png 768w, https:\/\/meisi.es\/diseno\/wp-content\/uploads\/2017\/04\/Urban-walks-100x74.png 100w, https:\/\/meisi.es\/diseno\/wp-content\/uploads\/2017\/04\/Urban-walks-700x515.png 700w\" sizes=\"auto, (max-width: 840px) 100vw, 840px\" \/><\/p>\n<h6><a href=\"http:\/\/work.antonandirene.com\/urban-walks\/10\/\" target=\"_blank\">Urban Walks, de Anton&#038;Irene<\/a><\/h6>\n<p>En esta web de los dise\u00f1adores Anton&#038;Irene, la exposici\u00f3n de cualquiera de sus proyectos se hace de forma particular y adaptada a la historia que cuentan.<br \/>\n&nbsp;<br \/>\n<img loading=\"lazy\" decoding=\"async\" src=\"\/\/meisi.es\/wp-content\/uploads\/2017\/04\/sunday-suppers.png\" alt=\"\" width=\"840\" height=\"802\" class=\"alignnone size-full wp-image-13469\" srcset=\"https:\/\/meisi.es\/diseno\/wp-content\/uploads\/2017\/04\/sunday-suppers.png 840w, https:\/\/meisi.es\/diseno\/wp-content\/uploads\/2017\/04\/sunday-suppers-300x286.png 300w, https:\/\/meisi.es\/diseno\/wp-content\/uploads\/2017\/04\/sunday-suppers-768x733.png 768w, https:\/\/meisi.es\/diseno\/wp-content\/uploads\/2017\/04\/sunday-suppers-100x95.png 100w, https:\/\/meisi.es\/diseno\/wp-content\/uploads\/2017\/04\/sunday-suppers-700x668.png 700w\" sizes=\"auto, (max-width: 840px) 100vw, 840px\" \/><\/p>\n<h6><a href=\"http:\/\/www.sunday-suppers.com\/\" target=\"_blank\">Sunday Suppers<\/a><\/h6>\n<p>No siempre hace falta hacer algo tan radicalmente diferente. En el caso de Sunday Suppers, vemos claramente el esquema funcional, pero lo que me gusta de esta web es que siendo que sigue el esquema de franjas y las im\u00e1genes tendencia, lo hace justificadamente porque esa es la est\u00e9tica de la marca. No elige por poner algo moderno, su est\u00e9tica y su filosof\u00eda son esas.<\/p>\n<p>Ninguna de estas webs tiene problemas con la funci\u00f3n a pesar de (a excepci\u00f3n de la \u00faltima) saltarse el esquema. Con esto no quiero decir que haya que salt\u00e1rselo. Si es un sistema que funciona, podemos usarlo como base, pero merece la pena pararse y pensar. Ser dise\u00f1ador es m\u00e1s que saber colocar piezas en un esquema. Tenemos un reto, conseguir transmitir utilizando una base t\u00e9cnicamente sostenible.<br \/>\n&nbsp;<\/p>\n","protected":false},"excerpt":{"rendered":"<p>Unsplash Ya lo he comentado en alguna ocasi\u00f3n, incluso en el curso de Una web sensacional a tu alcance hay un peque\u00f1o apartado sobre ello. Si nos fijamos, de unos a\u00f1os atr\u00e1s hasta ahora, todas las webs tienen un dise\u00f1o parecido: una parte superior con&#8230;<\/p>\n","protected":false},"author":2,"featured_media":13478,"comment_status":"open","ping_status":"open","sticky":false,"template":"","format":"standard","meta":{"_monsterinsights_skip_tracking":false,"_monsterinsights_sitenote_active":false,"_monsterinsights_sitenote_note":"","_monsterinsights_sitenote_category":0,"footnotes":""},"categories":[193,153],"tags":[],"class_list":["post-13460","post","type-post","status-publish","format-standard","has-post-thumbnail","hentry","category-blog","category-estaba-pensando"],"yoast_head":"<!-- This site is optimized with the Yoast SEO plugin v26.3 - https:\/\/yoast.com\/wordpress\/plugins\/seo\/ -->\n<title>Por qu\u00e9 ahora todas las webs se parecen - Meisi<\/title>\n<meta name=\"description\" content=\"Hace tiempo que el layout de los dise\u00f1os webs es muy parecido y es por una raz\u00f3n funcional. \u00bfpero hace falta elegir entre funcional o bello?\" \/>\n<meta name=\"robots\" content=\"index, follow, max-snippet:-1, max-image-preview:large, max-video-preview:-1\" \/>\n<link rel=\"canonical\" href=\"https:\/\/meisi.es\/diseno\/funcional-o-bello\/\" \/>\n<meta property=\"og:locale\" content=\"es_ES\" \/>\n<meta property=\"og:type\" content=\"article\" \/>\n<meta property=\"og:title\" content=\"Por qu\u00e9 ahora todas las webs se parecen - Meisi\" \/>\n<meta property=\"og:description\" content=\"Hace tiempo que el layout de los dise\u00f1os webs es muy parecido y es por una raz\u00f3n funcional. \u00bfpero hace falta elegir entre funcional o bello?\" \/>\n<meta property=\"og:url\" content=\"https:\/\/meisi.es\/diseno\/funcional-o-bello\/\" \/>\n<meta property=\"og:site_name\" content=\"Meisi\" \/>\n<meta property=\"article:author\" content=\"https:\/\/www.facebook.com\/MeisiEstudio\" \/>\n<meta property=\"article:published_time\" content=\"2017-04-09T19:35:30+00:00\" \/>\n<meta property=\"article:modified_time\" content=\"2017-04-25T12:41:54+00:00\" \/>\n<meta property=\"og:image\" content=\"https:\/\/meisi.es\/diseno\/wp-content\/uploads\/2017\/04\/todos-iguales-dest.png\" \/>\n\t<meta property=\"og:image:width\" content=\"517\" \/>\n\t<meta property=\"og:image:height\" content=\"656\" \/>\n\t<meta property=\"og:image:type\" content=\"image\/png\" \/>\n<meta name=\"author\" content=\"Meisi\" \/>\n<meta name=\"twitter:label1\" content=\"Escrito por\" \/>\n\t<meta name=\"twitter:data1\" content=\"Meisi\" \/>\n\t<meta name=\"twitter:label2\" content=\"Tiempo de lectura\" \/>\n\t<meta name=\"twitter:data2\" content=\"6 minutos\" \/>\n<script type=\"application\/ld+json\" class=\"yoast-schema-graph\">{\"@context\":\"https:\/\/schema.org\",\"@graph\":[{\"@type\":\"WebPage\",\"@id\":\"https:\/\/meisi.es\/diseno\/funcional-o-bello\/\",\"url\":\"https:\/\/meisi.es\/diseno\/funcional-o-bello\/\",\"name\":\"Por qu\u00e9 ahora todas las webs se parecen - Meisi\",\"isPartOf\":{\"@id\":\"https:\/\/meisi.es\/diseno\/#website\"},\"primaryImageOfPage\":{\"@id\":\"https:\/\/meisi.es\/diseno\/funcional-o-bello\/#primaryimage\"},\"image\":{\"@id\":\"https:\/\/meisi.es\/diseno\/funcional-o-bello\/#primaryimage\"},\"thumbnailUrl\":\"https:\/\/meisi.es\/diseno\/wp-content\/uploads\/2017\/04\/todos-iguales-dest.png\",\"datePublished\":\"2017-04-09T19:35:30+00:00\",\"dateModified\":\"2017-04-25T12:41:54+00:00\",\"author\":{\"@id\":\"https:\/\/meisi.es\/diseno\/#\/schema\/person\/f5a5285c29c1bf85b99d8b0cd8c8b3b6\"},\"description\":\"Hace tiempo que el layout de los dise\u00f1os webs es muy parecido y es por una raz\u00f3n funcional. \u00bfpero hace falta elegir entre funcional o bello?\",\"inLanguage\":\"es\",\"potentialAction\":[{\"@type\":\"ReadAction\",\"target\":[\"https:\/\/meisi.es\/diseno\/funcional-o-bello\/\"]}]},{\"@type\":\"ImageObject\",\"inLanguage\":\"es\",\"@id\":\"https:\/\/meisi.es\/diseno\/funcional-o-bello\/#primaryimage\",\"url\":\"https:\/\/meisi.es\/diseno\/wp-content\/uploads\/2017\/04\/todos-iguales-dest.png\",\"contentUrl\":\"https:\/\/meisi.es\/diseno\/wp-content\/uploads\/2017\/04\/todos-iguales-dest.png\",\"width\":517,\"height\":656},{\"@type\":\"WebSite\",\"@id\":\"https:\/\/meisi.es\/diseno\/#website\",\"url\":\"https:\/\/meisi.es\/diseno\/\",\"name\":\"Meisi\",\"description\":\"Recursos de dise\u00f1o para bloggers\",\"potentialAction\":[{\"@type\":\"SearchAction\",\"target\":{\"@type\":\"EntryPoint\",\"urlTemplate\":\"https:\/\/meisi.es\/diseno\/?s={search_term_string}\"},\"query-input\":{\"@type\":\"PropertyValueSpecification\",\"valueRequired\":true,\"valueName\":\"search_term_string\"}}],\"inLanguage\":\"es\"},{\"@type\":\"Person\",\"@id\":\"https:\/\/meisi.es\/diseno\/#\/schema\/person\/f5a5285c29c1bf85b99d8b0cd8c8b3b6\",\"name\":\"Meisi\",\"image\":{\"@type\":\"ImageObject\",\"inLanguage\":\"es\",\"@id\":\"https:\/\/meisi.es\/diseno\/#\/schema\/person\/image\/\",\"url\":\"https:\/\/secure.gravatar.com\/avatar\/ac5b77047f841213d7ea89d0d50e915749e147021d328c0a4110f1d8f8039e3d?s=96&d=mm&r=g\",\"contentUrl\":\"https:\/\/secure.gravatar.com\/avatar\/ac5b77047f841213d7ea89d0d50e915749e147021d328c0a4110f1d8f8039e3d?s=96&d=mm&r=g\",\"caption\":\"Meisi\"},\"sameAs\":[\"https:\/\/meisi.es\/diseno\/\",\"https:\/\/www.facebook.com\/MeisiEstudio\",\"https:\/\/x.com\/Meisitweets\"],\"url\":\"https:\/\/meisi.es\/diseno\/author\/meisi\/\"}]}<\/script>\n<!-- \/ Yoast SEO plugin. -->","yoast_head_json":{"title":"Por qu\u00e9 ahora todas las webs se parecen - Meisi","description":"Hace tiempo que el layout de los dise\u00f1os webs es muy parecido y es por una raz\u00f3n funcional. \u00bfpero hace falta elegir entre funcional o bello?","robots":{"index":"index","follow":"follow","max-snippet":"max-snippet:-1","max-image-preview":"max-image-preview:large","max-video-preview":"max-video-preview:-1"},"canonical":"https:\/\/meisi.es\/diseno\/funcional-o-bello\/","og_locale":"es_ES","og_type":"article","og_title":"Por qu\u00e9 ahora todas las webs se parecen - Meisi","og_description":"Hace tiempo que el layout de los dise\u00f1os webs es muy parecido y es por una raz\u00f3n funcional. \u00bfpero hace falta elegir entre funcional o bello?","og_url":"https:\/\/meisi.es\/diseno\/funcional-o-bello\/","og_site_name":"Meisi","article_author":"https:\/\/www.facebook.com\/MeisiEstudio","article_published_time":"2017-04-09T19:35:30+00:00","article_modified_time":"2017-04-25T12:41:54+00:00","og_image":[{"width":517,"height":656,"url":"https:\/\/meisi.es\/diseno\/wp-content\/uploads\/2017\/04\/todos-iguales-dest.png","type":"image\/png"}],"author":"Meisi","twitter_misc":{"Escrito por":"Meisi","Tiempo de lectura":"6 minutos"},"schema":{"@context":"https:\/\/schema.org","@graph":[{"@type":"WebPage","@id":"https:\/\/meisi.es\/diseno\/funcional-o-bello\/","url":"https:\/\/meisi.es\/diseno\/funcional-o-bello\/","name":"Por qu\u00e9 ahora todas las webs se parecen - Meisi","isPartOf":{"@id":"https:\/\/meisi.es\/diseno\/#website"},"primaryImageOfPage":{"@id":"https:\/\/meisi.es\/diseno\/funcional-o-bello\/#primaryimage"},"image":{"@id":"https:\/\/meisi.es\/diseno\/funcional-o-bello\/#primaryimage"},"thumbnailUrl":"https:\/\/meisi.es\/diseno\/wp-content\/uploads\/2017\/04\/todos-iguales-dest.png","datePublished":"2017-04-09T19:35:30+00:00","dateModified":"2017-04-25T12:41:54+00:00","author":{"@id":"https:\/\/meisi.es\/diseno\/#\/schema\/person\/f5a5285c29c1bf85b99d8b0cd8c8b3b6"},"description":"Hace tiempo que el layout de los dise\u00f1os webs es muy parecido y es por una raz\u00f3n funcional. \u00bfpero hace falta elegir entre funcional o bello?","inLanguage":"es","potentialAction":[{"@type":"ReadAction","target":["https:\/\/meisi.es\/diseno\/funcional-o-bello\/"]}]},{"@type":"ImageObject","inLanguage":"es","@id":"https:\/\/meisi.es\/diseno\/funcional-o-bello\/#primaryimage","url":"https:\/\/meisi.es\/diseno\/wp-content\/uploads\/2017\/04\/todos-iguales-dest.png","contentUrl":"https:\/\/meisi.es\/diseno\/wp-content\/uploads\/2017\/04\/todos-iguales-dest.png","width":517,"height":656},{"@type":"WebSite","@id":"https:\/\/meisi.es\/diseno\/#website","url":"https:\/\/meisi.es\/diseno\/","name":"Meisi","description":"Recursos de dise\u00f1o para bloggers","potentialAction":[{"@type":"SearchAction","target":{"@type":"EntryPoint","urlTemplate":"https:\/\/meisi.es\/diseno\/?s={search_term_string}"},"query-input":{"@type":"PropertyValueSpecification","valueRequired":true,"valueName":"search_term_string"}}],"inLanguage":"es"},{"@type":"Person","@id":"https:\/\/meisi.es\/diseno\/#\/schema\/person\/f5a5285c29c1bf85b99d8b0cd8c8b3b6","name":"Meisi","image":{"@type":"ImageObject","inLanguage":"es","@id":"https:\/\/meisi.es\/diseno\/#\/schema\/person\/image\/","url":"https:\/\/secure.gravatar.com\/avatar\/ac5b77047f841213d7ea89d0d50e915749e147021d328c0a4110f1d8f8039e3d?s=96&d=mm&r=g","contentUrl":"https:\/\/secure.gravatar.com\/avatar\/ac5b77047f841213d7ea89d0d50e915749e147021d328c0a4110f1d8f8039e3d?s=96&d=mm&r=g","caption":"Meisi"},"sameAs":["https:\/\/meisi.es\/diseno\/","https:\/\/www.facebook.com\/MeisiEstudio","https:\/\/x.com\/Meisitweets"],"url":"https:\/\/meisi.es\/diseno\/author\/meisi\/"}]}},"_links":{"self":[{"href":"https:\/\/meisi.es\/diseno\/wp-json\/wp\/v2\/posts\/13460","targetHints":{"allow":["GET"]}}],"collection":[{"href":"https:\/\/meisi.es\/diseno\/wp-json\/wp\/v2\/posts"}],"about":[{"href":"https:\/\/meisi.es\/diseno\/wp-json\/wp\/v2\/types\/post"}],"author":[{"embeddable":true,"href":"https:\/\/meisi.es\/diseno\/wp-json\/wp\/v2\/users\/2"}],"replies":[{"embeddable":true,"href":"https:\/\/meisi.es\/diseno\/wp-json\/wp\/v2\/comments?post=13460"}],"version-history":[{"count":5,"href":"https:\/\/meisi.es\/diseno\/wp-json\/wp\/v2\/posts\/13460\/revisions"}],"predecessor-version":[{"id":13485,"href":"https:\/\/meisi.es\/diseno\/wp-json\/wp\/v2\/posts\/13460\/revisions\/13485"}],"wp:featuredmedia":[{"embeddable":true,"href":"https:\/\/meisi.es\/diseno\/wp-json\/wp\/v2\/media\/13478"}],"wp:attachment":[{"href":"https:\/\/meisi.es\/diseno\/wp-json\/wp\/v2\/media?parent=13460"}],"wp:term":[{"taxonomy":"category","embeddable":true,"href":"https:\/\/meisi.es\/diseno\/wp-json\/wp\/v2\/categories?post=13460"},{"taxonomy":"post_tag","embeddable":true,"href":"https:\/\/meisi.es\/diseno\/wp-json\/wp\/v2\/tags?post=13460"}],"curies":[{"name":"wp","href":"https:\/\/api.w.org\/{rel}","templated":true}]}}